[{"@context":"https:\/\/schema.org\/","@type":"Blog","@id":"https:\/\/www.birelljizda.cz#Blog","headline":"Birell jizda","description":"\nA\u0165 u\u017e d\u011bl\u00e1 \u010dlov\u011bk cokoliv, v\u017edy pot\u0159ebuje i n\u011bjakou tu mo\u017enost odreagov\u00e1n\u00ed se. A odreagovat se d\u00e1 nejl\u00e9pe t\u00edm, \u017ee se nav\u0161t\u00edv\u00ed dobr\u00fd web. Nejl\u00e9pe ten n\u00e1\u0161.","url":"https:\/\/www.birelljizda.cz","hasPart":[{"@type":"Article","@id":"https:\/\/www.birelljizda.cz\/myslite-porad-na-jidlo\/","headline":"Mysl\u00edte po\u0159\u00e1d na j\u00eddlo?","url":"https:\/\/www.birelljizda.cz\/myslite-porad-na-jidlo\/","datePublished":"2025-03-05","dateModified":"2025-03-05","mainEntityOfPage":"https:\/\/www.birelljizda.cz\/myslite-porad-na-jidlo\/","author":{"@type":"Person","@id":"https:\/\/www.birelljizda.cz\/author\/devene\/#Person","name":"devene","url":"https:\/\/www.birelljizda.cz\/author\/devene\/","identifier":1,"image":{"@type":"ImageObject","@id":"https:\/\/secure.gravatar.com\/avatar\/091b4d684e9af597ec9885a078917281e353fb1084ff05c94355123dbb14e899?s=96&d=mm&r=g","url":"https:\/\/secure.gravatar.com\/avatar\/091b4d684e9af597ec9885a078917281e353fb1084ff05c94355123dbb14e899?s=96&d=mm&r=g","height":96,"width":96}},"publisher":{"@type":"Organization","name":"birelljizda.cz","logo":{"@type":"ImageObject","@id":"\/logo.png","url":"\/logo.png","width":600,"height":60}},"image":null,"wordCount":243,"keywords":null},{"@type":"Article","@id":"https:\/\/www.birelljizda.cz\/arduino-a-3d-tisk-jak-spojit-obe-technologie-v-jednom-projektu\/","headline":"Arduino a 3D tisk &#8211; jak spojit ob\u011b technologie v jednom projektu?","url":"https:\/\/www.birelljizda.cz\/arduino-a-3d-tisk-jak-spojit-obe-technologie-v-jednom-projektu\/","datePublished":"2025-02-25","dateModified":"2025-02-25","mainEntityOfPage":"https:\/\/www.birelljizda.cz\/arduino-a-3d-tisk-jak-spojit-obe-technologie-v-jednom-projektu\/","author":{"@type":"Person","@id":"https:\/\/www.birelljizda.cz\/author\/devene\/#Person","name":"devene","url":"https:\/\/www.birelljizda.cz\/author\/devene\/","identifier":1,"image":{"@type":"ImageObject","@id":"https:\/\/secure.gravatar.com\/avatar\/091b4d684e9af597ec9885a078917281e353fb1084ff05c94355123dbb14e899?s=96&d=mm&r=g","url":"https:\/\/secure.gravatar.com\/avatar\/091b4d684e9af597ec9885a078917281e353fb1084ff05c94355123dbb14e899?s=96&d=mm&r=g","height":96,"width":96}},"publisher":{"@type":"Organization","name":"birelljizda.cz","logo":{"@type":"ImageObject","@id":"\/logo.png","url":"\/logo.png","width":600,"height":60}},"image":{"@type":"ImageObject","@id":"https:\/\/www.birelljizda.cz\/wp-content\/uploads\/arduino_3d_tisk_7Rrf4b.jpg","url":"https:\/\/www.birelljizda.cz\/wp-content\/uploads\/arduino_3d_tisk_7Rrf4b.jpg","height":0,"width":0},"wordCount":846,"keywords":null},{"@type":"Article","@id":"https:\/\/www.birelljizda.cz\/dvirka-ktera-vydrzi\/","headline":"Dv\u00ed\u0159ka, kter\u00e1 vydr\u017e\u00ed","url":"https:\/\/www.birelljizda.cz\/dvirka-ktera-vydrzi\/","datePublished":"2025-02-25","dateModified":"2025-02-25","mainEntityOfPage":"https:\/\/www.birelljizda.cz\/dvirka-ktera-vydrzi\/","author":{"@type":"Person","@id":"https:\/\/www.birelljizda.cz\/author\/devene\/#Person","name":"devene","url":"https:\/\/www.birelljizda.cz\/author\/devene\/","identifier":1,"image":{"@type":"ImageObject","@id":"https:\/\/secure.gravatar.com\/avatar\/091b4d684e9af597ec9885a078917281e353fb1084ff05c94355123dbb14e899?s=96&d=mm&r=g","url":"https:\/\/secure.gravatar.com\/avatar\/091b4d684e9af597ec9885a078917281e353fb1084ff05c94355123dbb14e899?s=96&d=mm&r=g","height":96,"width":96}},"publisher":{"@type":"Organization","name":"birelljizda.cz","logo":{"@type":"ImageObject","@id":"\/logo.png","url":"\/logo.png","width":600,"height":60}},"image":null,"wordCount":224,"keywords":null},{"@type":"Article","@id":"https:\/\/www.birelljizda.cz\/stojany-na-letaky\/","headline":"Stojany na let\u00e1ky","url":"https:\/\/www.birelljizda.cz\/stojany-na-letaky\/","datePublished":"2025-02-17","dateModified":"2025-02-17","mainEntityOfPage":"https:\/\/www.birelljizda.cz\/stojany-na-letaky\/","author":{"@type":"Person","@id":"https:\/\/www.birelljizda.cz\/author\/devene\/#Person","name":"devene","url":"https:\/\/www.birelljizda.cz\/author\/devene\/","identifier":1,"image":{"@type":"ImageObject","@id":"https:\/\/secure.gravatar.com\/avatar\/091b4d684e9af597ec9885a078917281e353fb1084ff05c94355123dbb14e899?s=96&d=mm&r=g","url":"https:\/\/secure.gravatar.com\/avatar\/091b4d684e9af597ec9885a078917281e353fb1084ff05c94355123dbb14e899?s=96&d=mm&r=g","height":96,"width":96}},"publisher":{"@type":"Organization","name":"birelljizda.cz","logo":{"@type":"ImageObject","@id":"\/logo.png","url":"\/logo.png","width":600,"height":60}},"image":null,"wordCount":241,"keywords":null},{"@type":"Article","@id":"https:\/\/www.birelljizda.cz\/netrapte-se-nekvalitnimi-dietami\/","headline":"Netrapte se nekvalitn\u00edmi dietami","url":"https:\/\/www.birelljizda.cz\/netrapte-se-nekvalitnimi-dietami\/","datePublished":"2025-02-14","dateModified":"2025-02-14","mainEntityOfPage":"https:\/\/www.birelljizda.cz\/netrapte-se-nekvalitnimi-dietami\/","author":{"@type":"Person","@id":"https:\/\/www.birelljizda.cz\/author\/devene\/#Person","name":"devene","url":"https:\/\/www.birelljizda.cz\/author\/devene\/","identifier":1,"image":{"@type":"ImageObject","@id":"https:\/\/secure.gravatar.com\/avatar\/091b4d684e9af597ec9885a078917281e353fb1084ff05c94355123dbb14e899?s=96&d=mm&r=g","url":"https:\/\/secure.gravatar.com\/avatar\/091b4d684e9af597ec9885a078917281e353fb1084ff05c94355123dbb14e899?s=96&d=mm&r=g","height":96,"width":96}},"publisher":{"@type":"Organization","name":"birelljizda.cz","logo":{"@type":"ImageObject","@id":"\/logo.png","url":"\/logo.png","width":600,"height":60}},"image":null,"wordCount":270,"keywords":null},{"@type":"Article","@id":"https:\/\/www.birelljizda.cz\/marketing-vam-dava-silu-ze-jeste-nemusite-vase-podnikani-zabalit\/","headline":"Marketing V\u00e1m d\u00e1v\u00e1 s\u00edlu, \u017ee je\u0161t\u011b nemus\u00edte Va\u0161e podnik\u00e1n\u00ed zabalit","url":"https:\/\/www.birelljizda.cz\/marketing-vam-dava-silu-ze-jeste-nemusite-vase-podnikani-zabalit\/","datePublished":"2025-02-06","dateModified":"2025-02-06","mainEntityOfPage":"https:\/\/www.birelljizda.cz\/marketing-vam-dava-silu-ze-jeste-nemusite-vase-podnikani-zabalit\/","author":{"@type":"Person","@id":"https:\/\/www.birelljizda.cz\/author\/devene\/#Person","name":"devene","url":"https:\/\/www.birelljizda.cz\/author\/devene\/","identifier":1,"image":{"@type":"ImageObject","@id":"https:\/\/secure.gravatar.com\/avatar\/091b4d684e9af597ec9885a078917281e353fb1084ff05c94355123dbb14e899?s=96&d=mm&r=g","url":"https:\/\/secure.gravatar.com\/avatar\/091b4d684e9af597ec9885a078917281e353fb1084ff05c94355123dbb14e899?s=96&d=mm&r=g","height":96,"width":96}},"publisher":{"@type":"Organization","name":"birelljizda.cz","logo":{"@type":"ImageObject","@id":"\/logo.png","url":"\/logo.png","width":600,"height":60}},"image":null,"wordCount":210,"keywords":null},{"@type":"Article","@id":"https:\/\/www.birelljizda.cz\/zdravotnicke-potreby\/","headline":"Zdravotnick\u00e9 pot\u0159eby","url":"https:\/\/www.birelljizda.cz\/zdravotnicke-potreby\/","datePublished":"2025-02-01","dateModified":"2025-02-01","mainEntityOfPage":"https:\/\/www.birelljizda.cz\/zdravotnicke-potreby\/","author":{"@type":"Person","@id":"https:\/\/www.birelljizda.cz\/author\/devene\/#Person","name":"devene","url":"https:\/\/www.birelljizda.cz\/author\/devene\/","identifier":1,"image":{"@type":"ImageObject","@id":"https:\/\/secure.gravatar.com\/avatar\/091b4d684e9af597ec9885a078917281e353fb1084ff05c94355123dbb14e899?s=96&d=mm&r=g","url":"https:\/\/secure.gravatar.com\/avatar\/091b4d684e9af597ec9885a078917281e353fb1084ff05c94355123dbb14e899?s=96&d=mm&r=g","height":96,"width":96}},"publisher":{"@type":"Organization","name":"birelljizda.cz","logo":{"@type":"ImageObject","@id":"\/logo.png","url":"\/logo.png","width":600,"height":60}},"image":null,"wordCount":232,"keywords":null},{"@type":"Article","@id":"https:\/\/www.birelljizda.cz\/mate-radi-dekorace\/","headline":"M\u00e1te r\u00e1di dekorace?","url":"https:\/\/www.birelljizda.cz\/mate-radi-dekorace\/","datePublished":"2025-01-27","dateModified":"2025-01-27","mainEntityOfPage":"https:\/\/www.birelljizda.cz\/mate-radi-dekorace\/","author":{"@type":"Person","@id":"https:\/\/www.birelljizda.cz\/author\/devene\/#Person","name":"devene","url":"https:\/\/www.birelljizda.cz\/author\/devene\/","identifier":1,"image":{"@type":"ImageObject","@id":"https:\/\/secure.gravatar.com\/avatar\/091b4d684e9af597ec9885a078917281e353fb1084ff05c94355123dbb14e899?s=96&d=mm&r=g","url":"https:\/\/secure.gravatar.com\/avatar\/091b4d684e9af597ec9885a078917281e353fb1084ff05c94355123dbb14e899?s=96&d=mm&r=g","height":96,"width":96}},"publisher":{"@type":"Organization","name":"birelljizda.cz","logo":{"@type":"ImageObject","@id":"\/logo.png","url":"\/logo.png","width":600,"height":60}},"image":{"@type":"ImageObject","@id":"https:\/\/www.birelljizda.cz\/wp-content\/uploads\/vvvv_6.jpg","url":"https:\/\/www.birelljizda.cz\/wp-content\/uploads\/vvvv_6.jpg","height":0,"width":0},"wordCount":661,"keywords":null},{"@type":"Article","@id":"https:\/\/www.birelljizda.cz\/italske-topy\/","headline":"Italsk\u00e9 topy","url":"https:\/\/www.birelljizda.cz\/italske-topy\/","datePublished":"2025-01-24","dateModified":"2025-01-24","mainEntityOfPage":"https:\/\/www.birelljizda.cz\/italske-topy\/","author":{"@type":"Person","@id":"https:\/\/www.birelljizda.cz\/author\/devene\/#Person","name":"devene","url":"https:\/\/www.birelljizda.cz\/author\/devene\/","identifier":1,"image":{"@type":"ImageObject","@id":"https:\/\/secure.gravatar.com\/avatar\/091b4d684e9af597ec9885a078917281e353fb1084ff05c94355123dbb14e899?s=96&d=mm&r=g","url":"https:\/\/secure.gravatar.com\/avatar\/091b4d684e9af597ec9885a078917281e353fb1084ff05c94355123dbb14e899?s=96&d=mm&r=g","height":96,"width":96}},"publisher":{"@type":"Organization","name":"birelljizda.cz","logo":{"@type":"ImageObject","@id":"\/logo.png","url":"\/logo.png","width":600,"height":60}},"image":null,"wordCount":210,"keywords":null},{"@type":"Article","@id":"https:\/\/www.birelljizda.cz\/automatizace-je-vsude\/","headline":"Automatizace je v\u0161ude","url":"https:\/\/www.birelljizda.cz\/automatizace-je-vsude\/","datePublished":"2025-01-21","dateModified":"2025-01-21","mainEntityOfPage":"https:\/\/www.birelljizda.cz\/automatizace-je-vsude\/","author":{"@type":"Person","@id":"https:\/\/www.birelljizda.cz\/author\/devene\/#Person","name":"devene","url":"https:\/\/www.birelljizda.cz\/author\/devene\/","identifier":1,"image":{"@type":"ImageObject","@id":"https:\/\/secure.gravatar.com\/avatar\/091b4d684e9af597ec9885a078917281e353fb1084ff05c94355123dbb14e899?s=96&d=mm&r=g","url":"https:\/\/secure.gravatar.com\/avatar\/091b4d684e9af597ec9885a078917281e353fb1084ff05c94355123dbb14e899?s=96&d=mm&r=g","height":96,"width":96}},"publisher":{"@type":"Organization","name":"birelljizda.cz","logo":{"@type":"ImageObject","@id":"\/logo.png","url":"\/logo.png","width":600,"height":60}},"image":{"@type":"ImageObject","@id":"https:\/\/www.birelljizda.cz\/wp-content\/uploads\/fence-7202511_640.jpg","url":"https:\/\/www.birelljizda.cz\/wp-content\/uploads\/fence-7202511_640.jpg","height":0,"width":0},"wordCount":599,"keywords":null}]},{"@context":"https:\/\/schema.org","@type":"WebSite","@id":"https:\/\/www.birelljizda.cz\/#website","name":"Birell jizda","url":"https:\/\/www.birelljizda.cz","potentialAction":{"@type":"SearchAction","target":"https:\/\/www.birelljizda.cz\/?s={search_term_string}","query-input":"required name=search_term_string"}}]