[{"@context":"https:\/\/schema.org\/","@type":"Article","@id":"https:\/\/www.birelljizda.cz\/nase-kadernicke-sluzby-vas-nezklamou\/#Article","mainEntityOfPage":"https:\/\/www.birelljizda.cz\/nase-kadernicke-sluzby-vas-nezklamou\/","headline":"Na\u0161e kade\u0159nick\u00e9 slu\u017eby V\u00e1s nezklamou","name":"Na\u0161e kade\u0159nick\u00e9 slu\u017eby V\u00e1s nezklamou","description":"Cht\u011bli byste si nechat prodlou\u017eit vlasy v Praze? Tou\u017e\u00edte po nov\u00fdch \u00fa\u010desech, prohazov\u00e1n\u00ed ze strany na stranu a hust\u011b vypadaj\u00edc\u00ed h\u0159\u00edv\u011b, kterou osln\u00edte sv\u00e9 okol\u00ed? V na\u0161em sal\u00f3nu je to mo\u017en\u00e9 b\u011bhem p\u00e1r hodin. Nab\u00edz\u00edme mnoho metod, jak doc\u00edlit nov\u00e9ho vzhledu. D\u00edky n\u00e1m bude Va\u0161e viz\u00e1\u017e vypadat naprosto neodolateln\u011b. Z\u00edskejte nov\u00e9 kade\u0159e, kter\u00e9 jsou od [&hellip;]","datePublished":"2024-12-16","dateModified":"2024-12-16","author":{"@type":"Person","@id":"https:\/\/www.birelljizda.cz\/author\/devene\/#Person","name":"devene","url":"https:\/\/www.birelljizda.cz\/author\/devene\/","identifier":1,"image":{"@type":"ImageObject","@id":"https:\/\/secure.gravatar.com\/avatar\/091b4d684e9af597ec9885a078917281e353fb1084ff05c94355123dbb14e899?s=96&d=mm&r=g","url":"https:\/\/secure.gravatar.com\/avatar\/091b4d684e9af597ec9885a078917281e353fb1084ff05c94355123dbb14e899?s=96&d=mm&r=g","height":96,"width":96}},"publisher":{"@type":"Organization","name":"birelljizda.cz","logo":{"@type":"ImageObject","@id":"\/logo.png","url":"\/logo.png","width":600,"height":60}},"url":"https:\/\/www.birelljizda.cz\/nase-kadernicke-sluzby-vas-nezklamou\/","wordCount":172,"articleBody":"Cht\u011bli byste si nechat prodlou\u017eit vlasy v Praze? Tou\u017e\u00edte po nov\u00fdch \u00fa\u010desech, prohazov\u00e1n\u00ed ze strany na stranu a hust\u011b vypadaj\u00edc\u00ed h\u0159\u00edv\u011b, kterou osln\u00edte sv\u00e9 okol\u00ed? V na\u0161em sal\u00f3nu je to mo\u017en\u00e9 b\u011bhem p\u00e1r hodin. Nab\u00edz\u00edme mnoho metod, jak doc\u00edlit nov\u00e9ho vzhledu. D\u00edky n\u00e1m bude Va\u0161e viz\u00e1\u017e vypadat naprosto neodolateln\u011b. Z\u00edskejte nov\u00e9 kade\u0159e, kter\u00e9 jsou od t\u011bch Va\u0161ich k nerozezn\u00e1n\u00ed. Vyberte si jak\u00fdkoliv barevn\u00fd odst\u00edn a typ V sou\u010dasn\u00e9 dob\u011b pat\u0159\u00ed ji\u017e k b\u011b\u017en\u00fdm slu\u017eb\u00e1m ka\u017ed\u00e9ho kade\u0159nictv\u00ed prodlu\u017eov\u00e1n\u00ed vlas\u016f. Vyberte si n\u00e1\u0161 sal\u00f3n, proto\u017ee se pr\u00e1v\u011b ten py\u0161n\u00ed \u0159adou \u00fasp\u011bch\u016f a kladn\u00fdch recenz\u00ed! Na v\u00fdb\u011br m\u00e1me z mnoha barevn\u00fdch odst\u00edn\u016f. Kupte si \u010dern\u00e9, hn\u011bd\u00e9, m\u011bd\u011bn\u00e9 nebo blond pram\u00ednky. Lze je obarvit, proto lehce sjednot\u00edme jejich I V\u00e1\u0161 barevn\u00fd odst\u00edn.                                                                                                                                                                                                                                                                                                                                                                                                "},{"@context":"https:\/\/schema.org\/","@type":"BreadcrumbList","itemListElement":[{"@type":"ListItem","position":1,"name":"Na\u0161e kade\u0159nick\u00e9 slu\u017eby V\u00e1s nezklamou","item":"https:\/\/www.birelljizda.cz\/nase-kadernicke-sluzby-vas-nezklamou\/#breadcrumbitem"}]}]