[{"@context":"https:\/\/schema.org\/","@type":"Article","@id":"https:\/\/www.birelljizda.cz\/myslite-porad-na-jidlo\/#Article","mainEntityOfPage":"https:\/\/www.birelljizda.cz\/myslite-porad-na-jidlo\/","headline":"Mysl\u00edte po\u0159\u00e1d na j\u00eddlo?","name":"Mysl\u00edte po\u0159\u00e1d na j\u00eddlo?","description":"Nem\u016f\u017eete si pomoci, ale mus\u00edte po\u0159\u00e1d n\u011bco j\u00edst? Pokud j\u00edte pravideln\u011b po mal\u00fdch d\u00e1vk\u00e1ch, tak je to v po\u0159\u00e1dku. Pokud se ale jedn\u00e1 o v\u011bt\u0161\u00ed d\u00e1vky, zvl\u00e1\u0161t\u011b pak nezdrav\u00e9ho j\u00eddla, pak to pro va\u0161e t\u011blo nen\u00ed nic dobr\u00e9ho. Budete se pot\u00fdkat s pot\u0159ebou naplnit si sv\u016fj rozt\u00e1hnut\u00fd \u017ealudek, kter\u00e9mu to bude chv\u00edli trvat i s [&hellip;]","datePublished":"2025-03-05","dateModified":"2025-03-05","author":{"@type":"Person","@id":"https:\/\/www.birelljizda.cz\/author\/devene\/#Person","name":"devene","url":"https:\/\/www.birelljizda.cz\/author\/devene\/","identifier":1,"image":{"@type":"ImageObject","@id":"https:\/\/secure.gravatar.com\/avatar\/091b4d684e9af597ec9885a078917281e353fb1084ff05c94355123dbb14e899?s=96&d=mm&r=g","url":"https:\/\/secure.gravatar.com\/avatar\/091b4d684e9af597ec9885a078917281e353fb1084ff05c94355123dbb14e899?s=96&d=mm&r=g","height":96,"width":96}},"publisher":{"@type":"Organization","name":"birelljizda.cz","logo":{"@type":"ImageObject","@id":"\/logo.png","url":"\/logo.png","width":600,"height":60}},"url":"https:\/\/www.birelljizda.cz\/myslite-porad-na-jidlo\/","wordCount":197,"articleBody":"Nem\u016f\u017eete si pomoci, ale mus\u00edte po\u0159\u00e1d n\u011bco j\u00edst? Pokud j\u00edte pravideln\u011b po mal\u00fdch d\u00e1vk\u00e1ch, tak je to v po\u0159\u00e1dku. Pokud se ale jedn\u00e1 o v\u011bt\u0161\u00ed d\u00e1vky, zvl\u00e1\u0161t\u011b pak nezdrav\u00e9ho j\u00eddla, pak to pro va\u0161e t\u011blo nen\u00ed nic dobr\u00e9ho. Budete se pot\u00fdkat s pot\u0159ebou naplnit si sv\u016fj rozt\u00e1hnut\u00fd \u017ealudek, kter\u00e9mu to bude chv\u00edli trvat i s krabi\u010dkovou dietou z Prahy. P\u0159ej\u00edd\u00e1n\u00ed Pro \u010dlov\u011bka je stravov\u00e1n\u00ed z\u00e1kladn\u00ed pot\u0159ebou. Ale p\u0159ej\u00edd\u00e1n\u00ed? M\u016f\u017eeme se p\u0159ej\u00eddat ve chv\u00edl\u00edch, kdy jsme nerv\u00f3zn\u00ed a sna\u017e\u00edme se odv\u00e9st svou pozornost od stresuj\u00edc\u00edch situac\u00ed. Nebo se naopak m\u016f\u017eeme p\u0159ej\u00eddat ve chv\u00edl\u00edch, kdy se nud\u00ed, kdy nem\u00e1me co d\u011blat a prost\u011b jen proto j\u00edme. Jen\u017ee ani jedno z toho nen\u00ed dob\u0159e a velmi to zat\u011b\u017euje na\u0161e t\u011blo a n\u00e1\u0161 organismus. Krabi\u010dkov\u00e1 dieta Praha v\u00e1m umo\u017en\u00ed d\u00e1t si sv\u00e9 za\u017e\u00edv\u00e1n\u00ed zase dohromady.                                                                                                                                                                                                                                                                                                                                                                                        5\/5 - (1 vote)        "},{"@context":"https:\/\/schema.org\/","@type":"BreadcrumbList","itemListElement":[{"@type":"ListItem","position":1,"name":"Mysl\u00edte po\u0159\u00e1d na j\u00eddlo?","item":"https:\/\/www.birelljizda.cz\/myslite-porad-na-jidlo\/#breadcrumbitem"}]}]