[{"@context":"https:\/\/schema.org\/","@type":"Article","@id":"https:\/\/www.birelljizda.cz\/dvirka-ktera-vydrzi\/#Article","mainEntityOfPage":"https:\/\/www.birelljizda.cz\/dvirka-ktera-vydrzi\/","headline":"Dv\u00ed\u0159ka, kter\u00e1 vydr\u017e\u00ed","name":"Dv\u00ed\u0159ka, kter\u00e1 vydr\u017e\u00ed","description":"L\u00edb\u00ed se v\u00e1m renovovat star\u00fd n\u00e1bytek? M\u016f\u017eete to ud\u011blat s kter\u00fdmkoliv kusem a dokonce i s kuchyn\u00ed. Neru\u0161te dob\u0159e postaven\u00e9 sk\u0159\u00edn\u011b, kter\u00e9 vyhovuj\u00ed v\u0161em va\u0161im po\u017eadavk\u016fm a kde se v\u00e1m dob\u0159e va\u0159\u00ed. Tak\u00e9 v\u00edte o ka\u017ed\u00e9 va\u0159e\u010dce a i o tom nejmen\u0161\u00edm kastr\u016flku. Vym\u011b\u0148te jenom kuchy\u0148sk\u00e1 dv\u00ed\u0159ka. Lakovan\u00e1 dv\u00ed\u0159ka si m\u016f\u017eete vybrat podle vzorov\u00fdch profil\u016f, [&hellip;]","datePublished":"2025-02-25","dateModified":"2025-02-25","author":{"@type":"Person","@id":"https:\/\/www.birelljizda.cz\/author\/devene\/#Person","name":"devene","url":"https:\/\/www.birelljizda.cz\/author\/devene\/","identifier":1,"image":{"@type":"ImageObject","@id":"https:\/\/secure.gravatar.com\/avatar\/091b4d684e9af597ec9885a078917281e353fb1084ff05c94355123dbb14e899?s=96&d=mm&r=g","url":"https:\/\/secure.gravatar.com\/avatar\/091b4d684e9af597ec9885a078917281e353fb1084ff05c94355123dbb14e899?s=96&d=mm&r=g","height":96,"width":96}},"publisher":{"@type":"Organization","name":"birelljizda.cz","logo":{"@type":"ImageObject","@id":"\/logo.png","url":"\/logo.png","width":600,"height":60}},"url":"https:\/\/www.birelljizda.cz\/dvirka-ktera-vydrzi\/","wordCount":177,"articleBody":"L\u00edb\u00ed se v\u00e1m renovovat star\u00fd n\u00e1bytek? M\u016f\u017eete to ud\u011blat s kter\u00fdmkoliv kusem a dokonce i s kuchyn\u00ed. Neru\u0161te dob\u0159e postaven\u00e9 sk\u0159\u00edn\u011b, kter\u00e9 vyhovuj\u00ed v\u0161em va\u0161im po\u017eadavk\u016fm a kde se v\u00e1m dob\u0159e va\u0159\u00ed. Tak\u00e9 v\u00edte o ka\u017ed\u00e9 va\u0159e\u010dce a i o tom nejmen\u0161\u00edm kastr\u016flku. Vym\u011b\u0148te jenom kuchy\u0148sk\u00e1 dv\u00ed\u0159ka. Lakovan\u00e1 dv\u00ed\u0159ka si m\u016f\u017eete vybrat podle vzorov\u00fdch profil\u016f, vzorn\u00edk na po\u017e\u00e1d\u00e1n\u00ed dostanete nebo m\u016f\u017eete hledat na str\u00e1nk\u00e1ch vybran\u00e9 provozovny. Hlin\u00edkov\u00e1 existuj\u00ed taky, z\u00e1le\u017e\u00ed na tom, kter\u00fd materi\u00e1l proklamujete. Z\u00e1le\u017e\u00ed tak\u00e9 na \u00fadr\u017eb\u011b Aby potom byla va\u0161e kuchy\u0148sk\u00e1 linka dlouho jako nov\u00e1, bude dobr\u00e9, kdy\u017e budou lehce a snadno udr\u017eovateln\u00e1, omyvateln\u00e1 a \u010distiteln\u00e1. Zjist\u011bte, na kter\u00fdch nebudou v\u016fbec vid\u011bt otisky prst\u016f. Pro hospody\u0148ku toti\u017e fakt, z jak\u00e9ho materi\u00e1lu budou dv\u00ed\u0159ka jej\u00ed kuchy\u0148sk\u00e9 linky, je pom\u011brn\u011b d\u016fle\u017eit\u00fd.                                                                                                                                                                                                                                                                                                                                                                                        4.2\/5 - (4 votes)        "},{"@context":"https:\/\/schema.org\/","@type":"BreadcrumbList","itemListElement":[{"@type":"ListItem","position":1,"name":"Dv\u00ed\u0159ka, kter\u00e1 vydr\u017e\u00ed","item":"https:\/\/www.birelljizda.cz\/dvirka-ktera-vydrzi\/#breadcrumbitem"}]}]