[{"@context":"https:\/\/schema.org\/","@type":"Article","@id":"https:\/\/www.birelljizda.cz\/dnesni-mobily\/#Article","mainEntityOfPage":"https:\/\/www.birelljizda.cz\/dnesni-mobily\/","headline":"Dne\u0161n\u00ed mobily","name":"Dne\u0161n\u00ed mobily","description":"Mus\u00edm v\u00e1m \u0159\u00edct, \u017ee bez mobiln\u00edho telefonu bych se v dne\u0161n\u00ed dob\u011b u\u017e v\u016fbec neobe\u0161la. J\u00e1 jsem toti\u017e vyr\u016fstala v t\u00e9 dob\u011b, kdy se telefonn\u00ed mobily u\u017e rozm\u00e1haly v\u0161ude po sv\u011bt\u011b. Tak\u017ee sv\u016fj prvn\u00ed mobiln\u00ed telefon jsem m\u011bla asi ve dvan\u00e1cti letech. A byla jsem za to velmi r\u00e1da. Mobil jsem sp\u00ed\u0161e m\u011bla na to, [&hellip;]","datePublished":"2022-04-22","dateModified":"2023-05-19","author":{"@type":"Person","@id":"https:\/\/www.birelljizda.cz\/author\/devene\/#Person","name":"devene","url":"https:\/\/www.birelljizda.cz\/author\/devene\/","identifier":1,"image":{"@type":"ImageObject","@id":"https:\/\/secure.gravatar.com\/avatar\/091b4d684e9af597ec9885a078917281e353fb1084ff05c94355123dbb14e899?s=96&d=mm&r=g","url":"https:\/\/secure.gravatar.com\/avatar\/091b4d684e9af597ec9885a078917281e353fb1084ff05c94355123dbb14e899?s=96&d=mm&r=g","height":96,"width":96}},"publisher":{"@type":"Organization","name":"birelljizda.cz","logo":{"@type":"ImageObject","@id":"\/logo.png","url":"\/logo.png","width":600,"height":60}},"image":{"@type":"ImageObject","@id":"https:\/\/www.birelljizda.cz\/wp-content\/uploads\/iphone-472197_640_2.jpg","url":"https:\/\/www.birelljizda.cz\/wp-content\/uploads\/iphone-472197_640_2.jpg","height":0,"width":0},"url":"https:\/\/www.birelljizda.cz\/dnesni-mobily\/","about":["Mobil"],"wordCount":433,"articleBody":"Mus\u00edm v\u00e1m \u0159\u00edct, \u017ee bez mobiln\u00edho telefonu bych se v dne\u0161n\u00ed dob\u011b u\u017e v\u016fbec neobe\u0161la. J\u00e1 jsem toti\u017e vyr\u016fstala v t\u00e9 dob\u011b, kdy se telefonn\u00ed mobily u\u017e rozm\u00e1haly v\u0161ude po sv\u011bt\u011b. Tak\u017ee sv\u016fj prvn\u00ed mobiln\u00ed telefon jsem m\u011bla asi ve dvan\u00e1cti letech. A byla jsem za to velmi r\u00e1da. Mobil jsem sp\u00ed\u0161e m\u011bla na to, \u017ee ho jenom m\u00e1m, proto\u017ee jsem na n\u011bm st\u00e1le nem\u011bla kredit a nedaly se na n\u011bm hr\u00e1t ani hry. A bych m\u011bla fotoapar\u00e1t v mobilu, o tom nemohla b\u00fdt ani \u0159e\u010d. Mysl\u00edm si, \u017ee m\u016fj prvn\u00ed mobil s fo\u0165\u00e1kem byl v m\u00fdch osmn\u00e1cti letech. Takov\u00fd kr\u00e1sn\u00fd mobil jsem dostala k osmn\u00e1ct\u00fdm narozenin\u00e1m.A taky bych cht\u011bla \u0159\u00edct, \u017ee na ten telefon hodn\u011b r\u00e1da vzpom\u00edn\u00e1m. Byl to pro m\u011b opravdu dokonal\u00fd mobile. A taky to byl m\u016fj prvn\u00ed mobil, se kter\u00fdm se dalo n\u011bco d\u011blat. Na tomto mobilu \u0161lo d\u011blat v\u00edc ne\u017e jenom ps\u00e1t\u00a0sms\u00a0anebo volat. A nav\u00edc j\u00e1, kdy\u017e si te\u010f vzpomenu, pamatujete si t\u0159eba vy, kolik st\u00e1la d\u0159\u00edve nap\u0159\u00edklad jedna\u00a0sms\u00a0zpr\u00e1va? J\u00e1 si mysl\u00edm, \u017ee to za\u010d\u00ednalo asi na patn\u00e1cti korun\u00e1ch. Potom se\u00a0sms\u00a0za d\u00e1vn\u00fdch \u010das\u016f zlevnila na deset korun a potom na p\u011bt korun.Kdy\u017e to nyn\u00ed srovn\u00e1m s dne\u0161n\u00ed dobou, tak je to opravdu hr\u016fza. Dne\u0161n\u00ed\u00a0sms\u00a0stoj\u00ed sotva korunu anebo ten, kdo m\u00e1 pau\u0161\u00e1l, tak za\u00a0smsku\u00a0neplat\u00ed v\u016fbec nic. Tak\u017ee si mysl\u00edm, \u017ee dne\u0161n\u00ed doba je k t\u011bmto mobil\u016fm v\u00edce ohledupln\u00e1. Taky si mysl\u00edm, \u017ee d\u00edky mobilu \u010dlov\u011bk u\u0161et\u0159\u00ed spoustu \u010dasu. Nemus\u00ed logicky pos\u00edlat dopisy a \u010dekat dlouho na odpov\u011b\u010f. V dne\u0161n\u00ed dob\u011b si \u010dlov\u011bk v\u011bt\u0161inou zavol\u00e1 anebo nap\u00ed\u0161e zpr\u00e1vu, aby ostatn\u00edmu sd\u011blil n\u011bjakou d\u016fle\u017eitou zpr\u00e1vu. A j\u00e1 tedy rozhodn\u011b nejsem jin\u00e1. Rad\u011bji si v klidu zavol\u00e1m nebo nap\u00ed\u0161u zpr\u00e1vu, ne\u017e abych poslala n\u011bjak\u00fd dopis. J\u00e1 si t\u0159eba u\u017e ani nevzpomenu, kdy jsem poslala n\u011bjak\u00fd dopis. Mo\u017en\u00e1 je to tak patn\u00e1ct let? Ani nev\u00edm. D\u00edky mobil\u016fm u\u017e asi odzvonilo\u00a0dopis\u016fm\u00a0a pohlednic\u00edm,\u00a0proto\u017ee\u00a0u\u017e i\u00a0pohledy\u00a0se daj\u00ed poslat\u00a0online\u00a0a p\u0159es mobil.                                                                                                                                                                                                                                                                                                                                                                                        4.2\/5 - (6 votes)        "},{"@context":"https:\/\/schema.org\/","@type":"BreadcrumbList","itemListElement":[{"@type":"ListItem","position":1,"name":"Dne\u0161n\u00ed mobily","item":"https:\/\/www.birelljizda.cz\/dnesni-mobily\/#breadcrumbitem"}]}]